{"id":6814,"date":"2024-01-17T11:18:23","date_gmt":"2024-01-17T10:18:23","guid":{"rendered":"https:\/\/www.hauser.de\/?p=6814"},"modified":"2024-01-17T11:19:47","modified_gmt":"2024-01-17T10:19:47","slug":"employee-health-first-and-foremost-hauser-promotes-well-being-in-the-workplace","status":"publish","type":"post","link":"https:\/\/www.hauser.de\/en\/insight-en\/employee-health-first-and-foremost-hauser-promotes-well-being-in-the-workplace\/","title":{"rendered":"The birth of Live\/Evil: a new jazz hotspot in the heart of Munich"},"content":{"rendered":"\n<p>Live\/Evil opened its doors last year in the centre of Munich&#8217;s vibrant cultural scene. But what makes this new live jazz club in the Gasteig so special?<\/p>\n\n\n\n<p>Here we reveal the story of how it came about, the unique concept and the collaboration that makes this place a project close to our hearts.<\/p>\n\n\n\n<h2 class=\"wp-block-heading\">The concept of Live\/Evil<\/h2>\n\n\n\n<p>The centrepiece of Live\/Evil is good music and attractive drink prices. Operators Michael Zacharski and Maurice L\u00f6w are continuing their concept, which already took shape in the successful interim use of Ankerhaide in Haidhausen. There they already offered local bands and artists a platform and are continuing this approach at Live\/Evil.<\/p>\n\n\n\n<p>Their aim is to offer local artists a stage and thus create a place for art and music that is freely accessible to all.<\/p>\n\n\n\n<h2 class=\"wp-block-heading\">How did the collaboration between Live\/Evil &amp; Hauser come about?<\/h2>\n\n\n\n<p>Hauser has a deep passion for music. We have many employees in our company who are musicians themselves or are enthusiastic about music. The connection between Hauser and Live\/Evil came about through existing contacts and friendships.<\/p>\n\n\n\n<p>It is important to us to support the music scene in Munich, which is why we were directly involved in helping the operators of Live\/Evil to organise the club.<\/p>\n\n\n\n<p>Before the opening, we were faced with the challenge of redesigning the premises of the former GAST in the Gasteig. We transformed the GAST into a club by installing a partition wall for live music and a stage, among other things. The fitters from the &#8220;MEMO TEAM&#8221; helped us to install the wall at cost price, while Hauser took care of the planning, advice and organisation free of charge.<\/p>\n\n\n\n<figure class=\"wp-block-gallery has-nested-images columns-default is-cropped wp-block-gallery-1 is-layout-flex wp-block-gallery-is-layout-flex\">\n<figure class=\"wp-block-image size-large\"><img fetchpriority=\"high\" decoding=\"async\" width=\"1024\" height=\"683\" data-id=\"6837\" src=\"https:\/\/www.hauser.de\/wp-content\/uploads\/2024\/01\/news_31_live-evil-umgestaltung-gasteig-2-1024x683.jpg\" alt=\"Aufbauphase im Live Jazz Club &quot;Live Evil&quot; in M\u00fcnchen: Einblick in den Umbau mit einer Darstellung einer Holzwand, die anzeigt, wo demn\u00e4chst eine neue Wand entstehen wird. Handwerker gestalten die Zukunft dieses einzigartigen Jazz-Hotspots\" class=\"wp-image-6837\" srcset=\"https:\/\/www.hauser.de\/wp-content\/uploads\/2024\/01\/news_31_live-evil-umgestaltung-gasteig-2-1024x683.jpg 1024w, https:\/\/www.hauser.de\/wp-content\/uploads\/2024\/01\/news_31_live-evil-umgestaltung-gasteig-2-300x200.jpg 300w, https:\/\/www.hauser.de\/wp-content\/uploads\/2024\/01\/news_31_live-evil-umgestaltung-gasteig-2-768x512.jpg 768w, https:\/\/www.hauser.de\/wp-content\/uploads\/2024\/01\/news_31_live-evil-umgestaltung-gasteig-2.jpg 1200w\" sizes=\"(max-width: 1024px) 100vw, 1024px\" \/><\/figure>\n\n\n\n<figure class=\"wp-block-image size-large\"><img decoding=\"async\" width=\"1024\" height=\"683\" data-id=\"6859\" data-src=\"https:\/\/www.hauser.de\/wp-content\/uploads\/2024\/01\/news_31_live-evil-umgestaltung-gasteig-3-1-1024x683.jpg\" alt=\"Fortgeschrittene Phase im Live Jazz Club &quot;Live Evil&quot; in M\u00fcnchen: Einblick in den Umbau mit einer Darstellung der fast fertig verkleideten Wand, die in dunkelgr\u00fcn eine sch\u00f6ne und ruhige Atmosph\u00e4re austrahlt.\" class=\"wp-image-6859 lazyload\" data-srcset=\"https:\/\/www.hauser.de\/wp-content\/uploads\/2024\/01\/news_31_live-evil-umgestaltung-gasteig-3-1-1024x683.jpg 1024w, https:\/\/www.hauser.de\/wp-content\/uploads\/2024\/01\/news_31_live-evil-umgestaltung-gasteig-3-1-300x200.jpg 300w, https:\/\/www.hauser.de\/wp-content\/uploads\/2024\/01\/news_31_live-evil-umgestaltung-gasteig-3-1-768x512.jpg 768w, https:\/\/www.hauser.de\/wp-content\/uploads\/2024\/01\/news_31_live-evil-umgestaltung-gasteig-3-1.jpg 1200w\" data-sizes=\"(max-width: 1024px) 100vw, 1024px\" src=\"data:image\/svg+xml;base64,PHN2ZyB3aWR0aD0iMSIgaGVpZ2h0PSIxIiB4bWxucz0iaHR0cDovL3d3dy53My5vcmcvMjAwMC9zdmciPjwvc3ZnPg==\" style=\"--smush-placeholder-width: 1024px; --smush-placeholder-aspect-ratio: 1024\/683;\" \/><\/figure>\n\n\n\n<figure class=\"wp-block-image size-large\"><img decoding=\"async\" width=\"1024\" height=\"683\" data-id=\"6835\" data-src=\"https:\/\/www.hauser.de\/wp-content\/uploads\/2024\/01\/news_31_live-evil-umgestaltung-gasteig-4-1024x683.jpg\" alt=\"Aufbauphase im Live Jazz Club &quot;Live(Evil&quot; in M\u00fcnchen: Das Montageteam pr\u00e4sentiert stolz die frisch gebaute B\u00fchne. Handwerker arbeiten mit Hingabe an der Umsetzung des neuen musikalischen Zentrums, w\u00e4hrend die Szene einen Einblick in die entstehende Atmosph\u00e4re des Jazzclubs gibt.\" class=\"wp-image-6835 lazyload\" data-srcset=\"https:\/\/www.hauser.de\/wp-content\/uploads\/2024\/01\/news_31_live-evil-umgestaltung-gasteig-4-1024x683.jpg 1024w, https:\/\/www.hauser.de\/wp-content\/uploads\/2024\/01\/news_31_live-evil-umgestaltung-gasteig-4-300x200.jpg 300w, https:\/\/www.hauser.de\/wp-content\/uploads\/2024\/01\/news_31_live-evil-umgestaltung-gasteig-4-768x512.jpg 768w, https:\/\/www.hauser.de\/wp-content\/uploads\/2024\/01\/news_31_live-evil-umgestaltung-gasteig-4.jpg 1200w\" data-sizes=\"(max-width: 1024px) 100vw, 1024px\" src=\"data:image\/svg+xml;base64,PHN2ZyB3aWR0aD0iMSIgaGVpZ2h0PSIxIiB4bWxucz0iaHR0cDovL3d3dy53My5vcmcvMjAwMC9zdmciPjwvc3ZnPg==\" style=\"--smush-placeholder-width: 1024px; --smush-placeholder-aspect-ratio: 1024\/683;\" \/><\/figure>\n<\/figure>\n\n\n\n<p>The artists Mehmet and Kazim (<a href=\"http:\/\/www.mehmetandkazim.com\">www.mehmetandkazim.com<\/a>) from Munich designed the ceiling, while Johanson Design sponsored furniture such as high benches, stools, tables and soft seating.<\/p>\n\n\n\n<figure class=\"wp-block-gallery has-nested-images columns-default is-cropped wp-block-gallery-2 is-layout-flex wp-block-gallery-is-layout-flex\">\n<figure class=\"wp-block-image size-large\"><img decoding=\"async\" width=\"1024\" height=\"683\" data-id=\"6841\" data-src=\"https:\/\/www.hauser.de\/wp-content\/uploads\/2024\/01\/news_31_live-evil-umgestaltung-gasteig-7-1024x683.jpg\" alt=\"Umbau im Live\/Evil: Ein Blick auf die gesamte Decke, wobei nur ein Teil davon von den K\u00fcnstlern Mehmet und Kazim meisterhaft bemalt wurde. Der Prozess, wie die Zeichnung aufgezeichnet wurde, wird hier ebenfalls sichtbar.\" class=\"wp-image-6841 lazyload\" data-srcset=\"https:\/\/www.hauser.de\/wp-content\/uploads\/2024\/01\/news_31_live-evil-umgestaltung-gasteig-7-1024x683.jpg 1024w, https:\/\/www.hauser.de\/wp-content\/uploads\/2024\/01\/news_31_live-evil-umgestaltung-gasteig-7-300x200.jpg 300w, https:\/\/www.hauser.de\/wp-content\/uploads\/2024\/01\/news_31_live-evil-umgestaltung-gasteig-7-768x512.jpg 768w, https:\/\/www.hauser.de\/wp-content\/uploads\/2024\/01\/news_31_live-evil-umgestaltung-gasteig-7.jpg 1200w\" data-sizes=\"(max-width: 1024px) 100vw, 1024px\" src=\"data:image\/svg+xml;base64,PHN2ZyB3aWR0aD0iMSIgaGVpZ2h0PSIxIiB4bWxucz0iaHR0cDovL3d3dy53My5vcmcvMjAwMC9zdmciPjwvc3ZnPg==\" style=\"--smush-placeholder-width: 1024px; --smush-placeholder-aspect-ratio: 1024\/683;\" \/><\/figure>\n\n\n\n<figure class=\"wp-block-image size-large\"><img decoding=\"async\" width=\"1024\" height=\"683\" data-id=\"6839\" data-src=\"https:\/\/www.hauser.de\/wp-content\/uploads\/2024\/01\/news_31_live-evil-umgestaltung-gasteig-6-1024x683.jpg\" alt=\"Umbau im Live\/Evil: Das Ergebnis der bemalten Decke durch die K\u00fcnstler Mehmet und Kazim. Eine meisterhafte Fusion von Kunst und Atmosph\u00e4re im entstehenden Live Jazz Club in M\u00fcnchen.\" class=\"wp-image-6839 lazyload\" data-srcset=\"https:\/\/www.hauser.de\/wp-content\/uploads\/2024\/01\/news_31_live-evil-umgestaltung-gasteig-6-1024x683.jpg 1024w, https:\/\/www.hauser.de\/wp-content\/uploads\/2024\/01\/news_31_live-evil-umgestaltung-gasteig-6-300x200.jpg 300w, https:\/\/www.hauser.de\/wp-content\/uploads\/2024\/01\/news_31_live-evil-umgestaltung-gasteig-6-768x512.jpg 768w, https:\/\/www.hauser.de\/wp-content\/uploads\/2024\/01\/news_31_live-evil-umgestaltung-gasteig-6.jpg 1200w\" data-sizes=\"(max-width: 1024px) 100vw, 1024px\" src=\"data:image\/svg+xml;base64,PHN2ZyB3aWR0aD0iMSIgaGVpZ2h0PSIxIiB4bWxucz0iaHR0cDovL3d3dy53My5vcmcvMjAwMC9zdmciPjwvc3ZnPg==\" style=\"--smush-placeholder-width: 1024px; --smush-placeholder-aspect-ratio: 1024\/683;\" \/><\/figure>\n\n\n\n<figure class=\"wp-block-image size-large\"><img decoding=\"async\" width=\"1024\" height=\"683\" data-id=\"6843\" data-src=\"https:\/\/www.hauser.de\/wp-content\/uploads\/2024\/01\/news_31_live-evil-umgestaltung-gasteig-8-1024x683.jpg\" alt=\"Umbau im Live\/Evil: Ein Blick auf die gesamte Decke, wobei nur ein Teil davon von den K\u00fcnstlern Mehmet und Kazim meisterhaft bemalt wurde. Hier sieht man die K\u00fcnstler bei ihrer Arbeit, wie sie mit roten Anz\u00fcgen die Decke gestalten. Zus\u00e4tzlich wird der Prozess sichtbar, wie sie das Originalbild auf der rechten Seite entworfen haben, das als Inspiration f\u00fcr das Live\/Evil dient.\" class=\"wp-image-6843 lazyload\" data-srcset=\"https:\/\/www.hauser.de\/wp-content\/uploads\/2024\/01\/news_31_live-evil-umgestaltung-gasteig-8-1024x683.jpg 1024w, https:\/\/www.hauser.de\/wp-content\/uploads\/2024\/01\/news_31_live-evil-umgestaltung-gasteig-8-300x200.jpg 300w, https:\/\/www.hauser.de\/wp-content\/uploads\/2024\/01\/news_31_live-evil-umgestaltung-gasteig-8-768x512.jpg 768w, https:\/\/www.hauser.de\/wp-content\/uploads\/2024\/01\/news_31_live-evil-umgestaltung-gasteig-8.jpg 1200w\" data-sizes=\"(max-width: 1024px) 100vw, 1024px\" src=\"data:image\/svg+xml;base64,PHN2ZyB3aWR0aD0iMSIgaGVpZ2h0PSIxIiB4bWxucz0iaHR0cDovL3d3dy53My5vcmcvMjAwMC9zdmciPjwvc3ZnPg==\" style=\"--smush-placeholder-width: 1024px; --smush-placeholder-aspect-ratio: 1024\/683;\" \/><\/figure>\n<\/figure>\n\n\n\n<p>Thanks to the support, we can use the club from Monday to Wednesday for cool events with customers, partners and friends, sampling sessions or as an office.<\/p>\n\n\n\n<p>Here we present you the result: The completed Live\/Evil Club.<\/p>\n\n\n\n<figure class=\"wp-block-gallery has-nested-images columns-default is-cropped wp-block-gallery-3 is-layout-flex wp-block-gallery-is-layout-flex\">\n<figure class=\"wp-block-image size-large\"><img decoding=\"async\" width=\"1024\" height=\"683\" data-id=\"6853\" data-src=\"https:\/\/www.hauser.de\/wp-content\/uploads\/2024\/01\/news_31_live-evil-umgestaltung-gasteig-10-1024x683.jpg\" alt=\"Pr\u00e4sentation des fertig gestalteten Live\/Evil: Das Ambiente erstrahlt im roten Licht. Auf dem Bild ist der obere Bereich zu sehen, der sich auf einer Erh\u00f6hung befindet, vor einem Leuchtschild mit dem Schriftzug &quot;Evil&quot;. St\u00fchle von Johanson und Tische bilden eine gem\u00fctliche Sitzecke, die das einladende Flair des Live Jazz Clubs unterstreicht.\" class=\"wp-image-6853 lazyload\" data-srcset=\"https:\/\/www.hauser.de\/wp-content\/uploads\/2024\/01\/news_31_live-evil-umgestaltung-gasteig-10-1024x683.jpg 1024w, https:\/\/www.hauser.de\/wp-content\/uploads\/2024\/01\/news_31_live-evil-umgestaltung-gasteig-10-300x200.jpg 300w, https:\/\/www.hauser.de\/wp-content\/uploads\/2024\/01\/news_31_live-evil-umgestaltung-gasteig-10-768x512.jpg 768w, https:\/\/www.hauser.de\/wp-content\/uploads\/2024\/01\/news_31_live-evil-umgestaltung-gasteig-10.jpg 1200w\" data-sizes=\"(max-width: 1024px) 100vw, 1024px\" src=\"data:image\/svg+xml;base64,PHN2ZyB3aWR0aD0iMSIgaGVpZ2h0PSIxIiB4bWxucz0iaHR0cDovL3d3dy53My5vcmcvMjAwMC9zdmciPjwvc3ZnPg==\" style=\"--smush-placeholder-width: 1024px; --smush-placeholder-aspect-ratio: 1024\/683;\" \/><\/figure>\n\n\n\n<figure class=\"wp-block-image size-large\"><img decoding=\"async\" width=\"640\" height=\"800\" data-id=\"6849\" data-src=\"https:\/\/www.hauser.de\/wp-content\/uploads\/2024\/01\/news_31_live-evil-umgestaltung-gasteig-12.jpg\" alt=\"Nahaufnahme einer anderen Perspektive des Podestes im Live\/Evil: Zahlreiche Johanson-St\u00fchle und vielf\u00e4ltige Sitzm\u00f6glichkeiten kommen ins Blickfeld. Die Detailaufnahme offenbart die sorgf\u00e4ltig gestaltete Einrichtung und die vielseitigen M\u00f6glichkeiten zum gem\u00fctlichen Verweilen im Live Jazz Club.\" class=\"wp-image-6849 lazyload\" data-srcset=\"https:\/\/www.hauser.de\/wp-content\/uploads\/2024\/01\/news_31_live-evil-umgestaltung-gasteig-12.jpg 640w, https:\/\/www.hauser.de\/wp-content\/uploads\/2024\/01\/news_31_live-evil-umgestaltung-gasteig-12-240x300.jpg 240w\" data-sizes=\"(max-width: 640px) 100vw, 640px\" src=\"data:image\/svg+xml;base64,PHN2ZyB3aWR0aD0iMSIgaGVpZ2h0PSIxIiB4bWxucz0iaHR0cDovL3d3dy53My5vcmcvMjAwMC9zdmciPjwvc3ZnPg==\" style=\"--smush-placeholder-width: 640px; --smush-placeholder-aspect-ratio: 640\/800;\" \/><\/figure>\n\n\n\n<figure class=\"wp-block-image size-large\"><img decoding=\"async\" width=\"640\" height=\"800\" data-id=\"6846\" data-src=\"https:\/\/www.hauser.de\/wp-content\/uploads\/2024\/01\/news_31_live-evil-umgestaltung-gasteig-11.jpg\" alt=\"\" class=\"wp-image-6846 lazyload\" data-srcset=\"https:\/\/www.hauser.de\/wp-content\/uploads\/2024\/01\/news_31_live-evil-umgestaltung-gasteig-11.jpg 640w, https:\/\/www.hauser.de\/wp-content\/uploads\/2024\/01\/news_31_live-evil-umgestaltung-gasteig-11-240x300.jpg 240w\" data-sizes=\"(max-width: 640px) 100vw, 640px\" src=\"data:image\/svg+xml;base64,PHN2ZyB3aWR0aD0iMSIgaGVpZ2h0PSIxIiB4bWxucz0iaHR0cDovL3d3dy53My5vcmcvMjAwMC9zdmciPjwvc3ZnPg==\" style=\"--smush-placeholder-width: 640px; --smush-placeholder-aspect-ratio: 640\/800;\" \/><\/figure>\n\n\n\n<figure class=\"wp-block-image size-large\"><img decoding=\"async\" width=\"640\" height=\"800\" data-id=\"6851\" data-src=\"https:\/\/www.hauser.de\/wp-content\/uploads\/2024\/01\/news_31_live-evil-umgestaltung-gasteig-13.jpg\" alt=\"Einblick in die beeindruckende Bar des Jazzclubs: Hohe, rote Hocker umrahmen eine beleuchtete Bar im Zentrum des Raums. Dahinter erstreckt sich das Podest mit der Leuchtreklame &quot;Live Evil&quot;. Die Decke wird von leuchtenden H\u00e4ngelampen durchzogen, w\u00e4hrend Pflanzen geschmackvoll zwischen den Elementen arrangiert sind. Eine perfekte Fusion von Stil und Atmosph\u00e4re im Live Jazz Club.\" class=\"wp-image-6851 lazyload\" data-srcset=\"https:\/\/www.hauser.de\/wp-content\/uploads\/2024\/01\/news_31_live-evil-umgestaltung-gasteig-13.jpg 640w, https:\/\/www.hauser.de\/wp-content\/uploads\/2024\/01\/news_31_live-evil-umgestaltung-gasteig-13-240x300.jpg 240w\" data-sizes=\"(max-width: 640px) 100vw, 640px\" src=\"data:image\/svg+xml;base64,PHN2ZyB3aWR0aD0iMSIgaGVpZ2h0PSIxIiB4bWxucz0iaHR0cDovL3d3dy53My5vcmcvMjAwMC9zdmciPjwvc3ZnPg==\" style=\"--smush-placeholder-width: 640px; --smush-placeholder-aspect-ratio: 640\/800;\" \/><\/figure>\n\n\n\n<figure class=\"wp-block-image size-large\"><img decoding=\"async\" width=\"640\" height=\"800\" data-id=\"6847\" data-src=\"https:\/\/www.hauser.de\/wp-content\/uploads\/2024\/01\/news_31_live-evil-umgestaltung-gasteig-14.jpg\" alt=\"Andere Perspektive der beeindruckenden Bar im Jazzclub: Die leuchtende Bar in der Mitte des Raums ist von hohen, roten Hockern umgeben. Dahinter erstreckt sich das Podest mit der Leuchtreklame &quot;Evil&quot;. Von diesem Blickwinkel aus fangen leuchtende H\u00e4ngelampen an der Decke die Aufmerksamkeit ein, w\u00e4hrend Pflanzen stilvoll zwischen den Elementen platziert sind. Eine faszinierende Aussicht auf Stil und Atmosph\u00e4re im Live Jazz Club\" class=\"wp-image-6847 lazyload\" data-srcset=\"https:\/\/www.hauser.de\/wp-content\/uploads\/2024\/01\/news_31_live-evil-umgestaltung-gasteig-14.jpg 640w, https:\/\/www.hauser.de\/wp-content\/uploads\/2024\/01\/news_31_live-evil-umgestaltung-gasteig-14-240x300.jpg 240w\" data-sizes=\"(max-width: 640px) 100vw, 640px\" src=\"data:image\/svg+xml;base64,PHN2ZyB3aWR0aD0iMSIgaGVpZ2h0PSIxIiB4bWxucz0iaHR0cDovL3d3dy53My5vcmcvMjAwMC9zdmciPjwvc3ZnPg==\" style=\"--smush-placeholder-width: 640px; --smush-placeholder-aspect-ratio: 640\/800;\" \/><\/figure>\n<\/figure>\n\n\n\n<h2 class=\"wp-block-heading\">Christmas event with K\u00f6nig + Neurath at Live\/Evil<\/h2>\n\n\n\n<p>Our Christmas event with K\u00f6nig + Neurath took place at Live\/Evil in November. Together with the Live\/Evil team, we transformed the jazz club into a festive setting and organised an atmospheric Christmas market on the terrace, followed by performances in the club.<\/p>\n\n\n\n<p>Find out more about the event in our last blog. <a href=\"https:\/\/www.hauser.de\/event-co\/wir-starten-in-die-adventszeit-winter-wonderland-mit-hauser-und-konigneurath-im-gasteig-munchen\/\">Read the post<\/a>.<\/p>\n\n\n\n<p>We look forward to seeing you at Live\/Evil and being inspired.<\/p>\n\n\n\n<p>Best regards,<\/p>\n\n\n\n<p>Giulia<\/p>\n","protected":false},"excerpt":{"rendered":"<p>Live\/Evil opened its doors last year in the centre of Munich&#8217;s vibrant cultural scene. But what makes this new live jazz club in the Gasteig so special? Here we reveal the story of how it came about, the unique concept and the collaboration that makes this place a project close to our hearts. The concept [&hellip;]<\/p>\n","protected":false},"author":6,"featured_media":6830,"comment_status":"open","ping_status":"open","sticky":false,"template":"","format":"standard","meta":{"footnotes":""},"categories":[33],"tags":[40,72,65,41,75,199,200,183],"class_list":["post-6814","post","type-post","status-publish","format-standard","has-post-thumbnail","hentry","category-insight-en","tag-new-work-concept","tag-office-chairs","tag-office-concept","tag-office-planning","tag-office-plannings","tag-productivity","tag-tranforming","tag-work-across-generation"],"yoast_head":"<!-- This site is optimized with the Yoast SEO Premium plugin v23.5 (Yoast SEO v27.5) - https:\/\/yoast.com\/product\/yoast-seo-premium-wordpress\/ -->\n<title>Office planning Munich: Redesign of the Live\/Evil jazz club<\/title>\n<meta name=\"description\" content=\"Hauser Insight: Our heart project 2024. The birth of Live\/Evil: A new jazz hotspot in the heart of Munich \u25ba Insights and results of the redesign.\" \/>\n<meta name=\"robots\" content=\"index, follow, max-snippet:-1, max-image-preview:large, max-video-preview:-1\" \/>\n<link rel=\"canonical\" href=\"https:\/\/www.hauser.de\/insight\/die-geburt-des-live-evil-ein-neuer-jazz-hotspot-im-herzen-munchens\/\" \/>\n<meta property=\"og:locale\" content=\"en_US\" \/>\n<meta property=\"og:type\" content=\"article\" \/>\n<meta property=\"og:title\" content=\"The birth of Live\/Evil: a new jazz hotspot in the heart of Munich\" \/>\n<meta property=\"og:description\" content=\"Hauser Insight: Our heart project 2024. The birth of Live\/Evil: A new jazz hotspot in the heart of Munich \u25ba Insights and results of the redesign.\" \/>\n<meta property=\"og:url\" content=\"https:\/\/www.hauser.de\/insight\/die-geburt-des-live-evil-ein-neuer-jazz-hotspot-im-herzen-munchens\/\" \/>\n<meta property=\"og:site_name\" content=\"Hauser Office Design GmbH\" \/>\n<meta property=\"article:publisher\" content=\"https:\/\/www.facebook.com\/happypeoplespace\/\" \/>\n<meta property=\"article:published_time\" content=\"2024-01-17T10:18:23+00:00\" \/>\n<meta property=\"article:modified_time\" content=\"2024-01-17T10:19:47+00:00\" \/>\n<meta property=\"og:image\" content=\"https:\/\/www.hauser.de\/wp-content\/uploads\/2024\/01\/news_31_live-evil-umgestaltung-gasteig.jpg\" \/>\n\t<meta property=\"og:image:width\" content=\"1200\" \/>\n\t<meta property=\"og:image:height\" content=\"800\" \/>\n\t<meta property=\"og:image:type\" content=\"image\/jpeg\" \/>\n<meta name=\"author\" content=\"Giulia Sch\u00e4fer\" \/>\n<meta name=\"twitter:card\" content=\"summary_large_image\" \/>\n<meta name=\"twitter:label1\" content=\"Written by\" \/>\n\t<meta name=\"twitter:data1\" content=\"Giulia Sch\u00e4fer\" \/>\n\t<meta name=\"twitter:label2\" content=\"Est. reading time\" \/>\n\t<meta name=\"twitter:data2\" content=\"5 minutes\" \/>\n<script type=\"application\/ld+json\" class=\"yoast-schema-graph\">{\"@context\":\"https:\\\/\\\/schema.org\",\"@graph\":[{\"@type\":\"Article\",\"@id\":\"https:\\\/\\\/www.hauser.de\\\/insight\\\/die-geburt-des-live-evil-ein-neuer-jazz-hotspot-im-herzen-munchens\\\/#article\",\"isPartOf\":{\"@id\":\"https:\\\/\\\/www.hauser.de\\\/insight\\\/die-geburt-des-live-evil-ein-neuer-jazz-hotspot-im-herzen-munchens\\\/\"},\"author\":{\"name\":\"Giulia Sch\u00e4fer\",\"@id\":\"https:\\\/\\\/www.hauser.de\\\/#\\\/schema\\\/person\\\/5b5508549a788c4ef5156154152ff9da\"},\"headline\":\"The birth of Live\\\/Evil: a new jazz hotspot in the heart of Munich\",\"datePublished\":\"2024-01-17T10:18:23+00:00\",\"dateModified\":\"2024-01-17T10:19:47+00:00\",\"mainEntityOfPage\":{\"@id\":\"https:\\\/\\\/www.hauser.de\\\/insight\\\/die-geburt-des-live-evil-ein-neuer-jazz-hotspot-im-herzen-munchens\\\/\"},\"wordCount\":445,\"commentCount\":0,\"publisher\":{\"@id\":\"https:\\\/\\\/www.hauser.de\\\/#organization\"},\"image\":{\"@id\":\"https:\\\/\\\/www.hauser.de\\\/insight\\\/die-geburt-des-live-evil-ein-neuer-jazz-hotspot-im-herzen-munchens\\\/#primaryimage\"},\"thumbnailUrl\":\"https:\\\/\\\/www.hauser.de\\\/wp-content\\\/uploads\\\/2024\\\/01\\\/news_31_live-evil-umgestaltung-gasteig.jpg\",\"keywords\":[\"new work concept\",\"office chairs\",\"office concept\",\"office planning\",\"office plannings\",\"productivity\",\"tranforming\",\"work across generation\"],\"articleSection\":[\"Insight\"],\"inLanguage\":\"en-US\",\"potentialAction\":[{\"@type\":\"CommentAction\",\"name\":\"Comment\",\"target\":[\"https:\\\/\\\/www.hauser.de\\\/insight\\\/die-geburt-des-live-evil-ein-neuer-jazz-hotspot-im-herzen-munchens\\\/#respond\"]}]},{\"@type\":\"WebPage\",\"@id\":\"https:\\\/\\\/www.hauser.de\\\/insight\\\/die-geburt-des-live-evil-ein-neuer-jazz-hotspot-im-herzen-munchens\\\/\",\"url\":\"https:\\\/\\\/www.hauser.de\\\/insight\\\/die-geburt-des-live-evil-ein-neuer-jazz-hotspot-im-herzen-munchens\\\/\",\"name\":\"Office planning Munich: Redesign of the Live\\\/Evil jazz club\",\"isPartOf\":{\"@id\":\"https:\\\/\\\/www.hauser.de\\\/#website\"},\"primaryImageOfPage\":{\"@id\":\"https:\\\/\\\/www.hauser.de\\\/insight\\\/die-geburt-des-live-evil-ein-neuer-jazz-hotspot-im-herzen-munchens\\\/#primaryimage\"},\"image\":{\"@id\":\"https:\\\/\\\/www.hauser.de\\\/insight\\\/die-geburt-des-live-evil-ein-neuer-jazz-hotspot-im-herzen-munchens\\\/#primaryimage\"},\"thumbnailUrl\":\"https:\\\/\\\/www.hauser.de\\\/wp-content\\\/uploads\\\/2024\\\/01\\\/news_31_live-evil-umgestaltung-gasteig.jpg\",\"datePublished\":\"2024-01-17T10:18:23+00:00\",\"dateModified\":\"2024-01-17T10:19:47+00:00\",\"description\":\"Hauser Insight: Our heart project 2024. The birth of Live\\\/Evil: A new jazz hotspot in the heart of Munich \u25ba Insights and results of the redesign.\",\"breadcrumb\":{\"@id\":\"https:\\\/\\\/www.hauser.de\\\/insight\\\/die-geburt-des-live-evil-ein-neuer-jazz-hotspot-im-herzen-munchens\\\/#breadcrumb\"},\"inLanguage\":\"en-US\",\"potentialAction\":[{\"@type\":\"ReadAction\",\"target\":[\"https:\\\/\\\/www.hauser.de\\\/insight\\\/die-geburt-des-live-evil-ein-neuer-jazz-hotspot-im-herzen-munchens\\\/\"]}]},{\"@type\":\"ImageObject\",\"inLanguage\":\"en-US\",\"@id\":\"https:\\\/\\\/www.hauser.de\\\/insight\\\/die-geburt-des-live-evil-ein-neuer-jazz-hotspot-im-herzen-munchens\\\/#primaryimage\",\"url\":\"https:\\\/\\\/www.hauser.de\\\/wp-content\\\/uploads\\\/2024\\\/01\\\/news_31_live-evil-umgestaltung-gasteig.jpg\",\"contentUrl\":\"https:\\\/\\\/www.hauser.de\\\/wp-content\\\/uploads\\\/2024\\\/01\\\/news_31_live-evil-umgestaltung-gasteig.jpg\",\"width\":1200,\"height\":800,\"caption\":\"Inspirierender Live Jazz Club \\\"Live Evil\\\" in M\u00fcnchen. Rotes Licht taucht den Raum, hohe W\u00e4nden, eine detailreich gestaltete Decke. In der Mitte erstreckt sich eine Bar, w\u00e4hrend auf einer erh\u00f6hten Plattform mit Teppich Lounge-M\u00f6bel f\u00fcr entspannte Atmosph\u00e4re sorgen\"},{\"@type\":\"BreadcrumbList\",\"@id\":\"https:\\\/\\\/www.hauser.de\\\/insight\\\/die-geburt-des-live-evil-ein-neuer-jazz-hotspot-im-herzen-munchens\\\/#breadcrumb\",\"itemListElement\":[{\"@type\":\"ListItem\",\"position\":1,\"name\":\"Startseite\",\"item\":\"https:\\\/\\\/www.hauser.de\\\/en\\\/\"},{\"@type\":\"ListItem\",\"position\":2,\"name\":\"The birth of Live\\\/Evil: a new jazz hotspot in the heart of Munich\"}]},{\"@type\":\"WebSite\",\"@id\":\"https:\\\/\\\/www.hauser.de\\\/#website\",\"url\":\"https:\\\/\\\/www.hauser.de\\\/\",\"name\":\"Hauser Office Design GmbH\",\"description\":\"B\u00fcrom\u00f6bel und B\u00fcroeinrichtung M\u00fcnchen\",\"publisher\":{\"@id\":\"https:\\\/\\\/www.hauser.de\\\/#organization\"},\"potentialAction\":[{\"@type\":\"SearchAction\",\"target\":{\"@type\":\"EntryPoint\",\"urlTemplate\":\"https:\\\/\\\/www.hauser.de\\\/?s={search_term_string}\"},\"query-input\":{\"@type\":\"PropertyValueSpecification\",\"valueRequired\":true,\"valueName\":\"search_term_string\"}}],\"inLanguage\":\"en-US\"},{\"@type\":\"Organization\",\"@id\":\"https:\\\/\\\/www.hauser.de\\\/#organization\",\"name\":\"Hauser Office Design GmbH\",\"url\":\"https:\\\/\\\/www.hauser.de\\\/\",\"logo\":{\"@type\":\"ImageObject\",\"inLanguage\":\"en-US\",\"@id\":\"https:\\\/\\\/www.hauser.de\\\/#\\\/schema\\\/logo\\\/image\\\/\",\"url\":\"http:\\\/\\\/www.hauser.de\\\/wp-content\\\/uploads\\\/2022\\\/04\\\/cropped-favicon.png\",\"contentUrl\":\"http:\\\/\\\/www.hauser.de\\\/wp-content\\\/uploads\\\/2022\\\/04\\\/cropped-favicon.png\",\"width\":512,\"height\":512,\"caption\":\"Hauser Office Design GmbH\"},\"image\":{\"@id\":\"https:\\\/\\\/www.hauser.de\\\/#\\\/schema\\\/logo\\\/image\\\/\"},\"sameAs\":[\"https:\\\/\\\/www.facebook.com\\\/happypeoplespace\\\/\",\"https:\\\/\\\/de.linkedin.com\\\/company\\\/hauser-office-design-gmbh\",\"https:\\\/\\\/www.instagram.com\\\/hauseroffice\\\/\"]},{\"@type\":\"Person\",\"@id\":\"https:\\\/\\\/www.hauser.de\\\/#\\\/schema\\\/person\\\/5b5508549a788c4ef5156154152ff9da\",\"name\":\"Giulia Sch\u00e4fer\",\"sameAs\":[\"http:\\\/\\\/www.hauser.de\"],\"url\":\"https:\\\/\\\/www.hauser.de\\\/en\\\/author\\\/gschaefer\\\/\"}]}<\/script>\n<!-- \/ Yoast SEO Premium plugin. -->","yoast_head_json":{"title":"Office planning Munich: Redesign of the Live\/Evil jazz club","description":"Hauser Insight: Our heart project 2024. The birth of Live\/Evil: A new jazz hotspot in the heart of Munich \u25ba Insights and results of the redesign.","robots":{"index":"index","follow":"follow","max-snippet":"max-snippet:-1","max-image-preview":"max-image-preview:large","max-video-preview":"max-video-preview:-1"},"canonical":"https:\/\/www.hauser.de\/insight\/die-geburt-des-live-evil-ein-neuer-jazz-hotspot-im-herzen-munchens\/","og_locale":"en_US","og_type":"article","og_title":"The birth of Live\/Evil: a new jazz hotspot in the heart of Munich","og_description":"Hauser Insight: Our heart project 2024. The birth of Live\/Evil: A new jazz hotspot in the heart of Munich \u25ba Insights and results of the redesign.","og_url":"https:\/\/www.hauser.de\/insight\/die-geburt-des-live-evil-ein-neuer-jazz-hotspot-im-herzen-munchens\/","og_site_name":"Hauser Office Design GmbH","article_publisher":"https:\/\/www.facebook.com\/happypeoplespace\/","article_published_time":"2024-01-17T10:18:23+00:00","article_modified_time":"2024-01-17T10:19:47+00:00","og_image":[{"width":1200,"height":800,"url":"https:\/\/www.hauser.de\/wp-content\/uploads\/2024\/01\/news_31_live-evil-umgestaltung-gasteig.jpg","type":"image\/jpeg"}],"author":"Giulia Sch\u00e4fer","twitter_card":"summary_large_image","twitter_misc":{"Written by":"Giulia Sch\u00e4fer","Est. reading time":"5 minutes"},"schema":{"@context":"https:\/\/schema.org","@graph":[{"@type":"Article","@id":"https:\/\/www.hauser.de\/insight\/die-geburt-des-live-evil-ein-neuer-jazz-hotspot-im-herzen-munchens\/#article","isPartOf":{"@id":"https:\/\/www.hauser.de\/insight\/die-geburt-des-live-evil-ein-neuer-jazz-hotspot-im-herzen-munchens\/"},"author":{"name":"Giulia Sch\u00e4fer","@id":"https:\/\/www.hauser.de\/#\/schema\/person\/5b5508549a788c4ef5156154152ff9da"},"headline":"The birth of Live\/Evil: a new jazz hotspot in the heart of Munich","datePublished":"2024-01-17T10:18:23+00:00","dateModified":"2024-01-17T10:19:47+00:00","mainEntityOfPage":{"@id":"https:\/\/www.hauser.de\/insight\/die-geburt-des-live-evil-ein-neuer-jazz-hotspot-im-herzen-munchens\/"},"wordCount":445,"commentCount":0,"publisher":{"@id":"https:\/\/www.hauser.de\/#organization"},"image":{"@id":"https:\/\/www.hauser.de\/insight\/die-geburt-des-live-evil-ein-neuer-jazz-hotspot-im-herzen-munchens\/#primaryimage"},"thumbnailUrl":"https:\/\/www.hauser.de\/wp-content\/uploads\/2024\/01\/news_31_live-evil-umgestaltung-gasteig.jpg","keywords":["new work concept","office chairs","office concept","office planning","office plannings","productivity","tranforming","work across generation"],"articleSection":["Insight"],"inLanguage":"en-US","potentialAction":[{"@type":"CommentAction","name":"Comment","target":["https:\/\/www.hauser.de\/insight\/die-geburt-des-live-evil-ein-neuer-jazz-hotspot-im-herzen-munchens\/#respond"]}]},{"@type":"WebPage","@id":"https:\/\/www.hauser.de\/insight\/die-geburt-des-live-evil-ein-neuer-jazz-hotspot-im-herzen-munchens\/","url":"https:\/\/www.hauser.de\/insight\/die-geburt-des-live-evil-ein-neuer-jazz-hotspot-im-herzen-munchens\/","name":"Office planning Munich: Redesign of the Live\/Evil jazz club","isPartOf":{"@id":"https:\/\/www.hauser.de\/#website"},"primaryImageOfPage":{"@id":"https:\/\/www.hauser.de\/insight\/die-geburt-des-live-evil-ein-neuer-jazz-hotspot-im-herzen-munchens\/#primaryimage"},"image":{"@id":"https:\/\/www.hauser.de\/insight\/die-geburt-des-live-evil-ein-neuer-jazz-hotspot-im-herzen-munchens\/#primaryimage"},"thumbnailUrl":"https:\/\/www.hauser.de\/wp-content\/uploads\/2024\/01\/news_31_live-evil-umgestaltung-gasteig.jpg","datePublished":"2024-01-17T10:18:23+00:00","dateModified":"2024-01-17T10:19:47+00:00","description":"Hauser Insight: Our heart project 2024. The birth of Live\/Evil: A new jazz hotspot in the heart of Munich \u25ba Insights and results of the redesign.","breadcrumb":{"@id":"https:\/\/www.hauser.de\/insight\/die-geburt-des-live-evil-ein-neuer-jazz-hotspot-im-herzen-munchens\/#breadcrumb"},"inLanguage":"en-US","potentialAction":[{"@type":"ReadAction","target":["https:\/\/www.hauser.de\/insight\/die-geburt-des-live-evil-ein-neuer-jazz-hotspot-im-herzen-munchens\/"]}]},{"@type":"ImageObject","inLanguage":"en-US","@id":"https:\/\/www.hauser.de\/insight\/die-geburt-des-live-evil-ein-neuer-jazz-hotspot-im-herzen-munchens\/#primaryimage","url":"https:\/\/www.hauser.de\/wp-content\/uploads\/2024\/01\/news_31_live-evil-umgestaltung-gasteig.jpg","contentUrl":"https:\/\/www.hauser.de\/wp-content\/uploads\/2024\/01\/news_31_live-evil-umgestaltung-gasteig.jpg","width":1200,"height":800,"caption":"Inspirierender Live Jazz Club \"Live Evil\" in M\u00fcnchen. Rotes Licht taucht den Raum, hohe W\u00e4nden, eine detailreich gestaltete Decke. In der Mitte erstreckt sich eine Bar, w\u00e4hrend auf einer erh\u00f6hten Plattform mit Teppich Lounge-M\u00f6bel f\u00fcr entspannte Atmosph\u00e4re sorgen"},{"@type":"BreadcrumbList","@id":"https:\/\/www.hauser.de\/insight\/die-geburt-des-live-evil-ein-neuer-jazz-hotspot-im-herzen-munchens\/#breadcrumb","itemListElement":[{"@type":"ListItem","position":1,"name":"Startseite","item":"https:\/\/www.hauser.de\/en\/"},{"@type":"ListItem","position":2,"name":"The birth of Live\/Evil: a new jazz hotspot in the heart of Munich"}]},{"@type":"WebSite","@id":"https:\/\/www.hauser.de\/#website","url":"https:\/\/www.hauser.de\/","name":"Hauser Office Design GmbH","description":"B\u00fcrom\u00f6bel und B\u00fcroeinrichtung M\u00fcnchen","publisher":{"@id":"https:\/\/www.hauser.de\/#organization"},"potentialAction":[{"@type":"SearchAction","target":{"@type":"EntryPoint","urlTemplate":"https:\/\/www.hauser.de\/?s={search_term_string}"},"query-input":{"@type":"PropertyValueSpecification","valueRequired":true,"valueName":"search_term_string"}}],"inLanguage":"en-US"},{"@type":"Organization","@id":"https:\/\/www.hauser.de\/#organization","name":"Hauser Office Design GmbH","url":"https:\/\/www.hauser.de\/","logo":{"@type":"ImageObject","inLanguage":"en-US","@id":"https:\/\/www.hauser.de\/#\/schema\/logo\/image\/","url":"http:\/\/www.hauser.de\/wp-content\/uploads\/2022\/04\/cropped-favicon.png","contentUrl":"http:\/\/www.hauser.de\/wp-content\/uploads\/2022\/04\/cropped-favicon.png","width":512,"height":512,"caption":"Hauser Office Design GmbH"},"image":{"@id":"https:\/\/www.hauser.de\/#\/schema\/logo\/image\/"},"sameAs":["https:\/\/www.facebook.com\/happypeoplespace\/","https:\/\/de.linkedin.com\/company\/hauser-office-design-gmbh","https:\/\/www.instagram.com\/hauseroffice\/"]},{"@type":"Person","@id":"https:\/\/www.hauser.de\/#\/schema\/person\/5b5508549a788c4ef5156154152ff9da","name":"Giulia Sch\u00e4fer","sameAs":["http:\/\/www.hauser.de"],"url":"https:\/\/www.hauser.de\/en\/author\/gschaefer\/"}]}},"_links":{"self":[{"href":"https:\/\/www.hauser.de\/en\/wp-json\/wp\/v2\/posts\/6814","targetHints":{"allow":["GET"]}}],"collection":[{"href":"https:\/\/www.hauser.de\/en\/wp-json\/wp\/v2\/posts"}],"about":[{"href":"https:\/\/www.hauser.de\/en\/wp-json\/wp\/v2\/types\/post"}],"author":[{"embeddable":true,"href":"https:\/\/www.hauser.de\/en\/wp-json\/wp\/v2\/users\/6"}],"replies":[{"embeddable":true,"href":"https:\/\/www.hauser.de\/en\/wp-json\/wp\/v2\/comments?post=6814"}],"version-history":[{"count":0,"href":"https:\/\/www.hauser.de\/en\/wp-json\/wp\/v2\/posts\/6814\/revisions"}],"wp:featuredmedia":[{"embeddable":true,"href":"https:\/\/www.hauser.de\/en\/wp-json\/wp\/v2\/media\/6830"}],"wp:attachment":[{"href":"https:\/\/www.hauser.de\/en\/wp-json\/wp\/v2\/media?parent=6814"}],"wp:term":[{"taxonomy":"category","embeddable":true,"href":"https:\/\/www.hauser.de\/en\/wp-json\/wp\/v2\/categories?post=6814"},{"taxonomy":"post_tag","embeddable":true,"href":"https:\/\/www.hauser.de\/en\/wp-json\/wp\/v2\/tags?post=6814"}],"curies":[{"name":"wp","href":"https:\/\/api.w.org\/{rel}","templated":true}]}}