{"id":10142,"date":"2025-08-27T14:53:44","date_gmt":"2025-08-27T12:53:44","guid":{"rendered":"https:\/\/www.hauser.de\/?p=10142"},"modified":"2025-08-27T15:15:52","modified_gmt":"2025-08-27T13:15:52","slug":"a-place-that-makes-an-impression-our-visit-to-mindgarden-weisen-quartier","status":"publish","type":"post","link":"https:\/\/www.hauser.de\/en\/insight-en\/a-place-that-makes-an-impression-our-visit-to-mindgarden-weisen-quartier\/","title":{"rendered":"A place that makes an impression: our visit to Mindgarden &amp; Wei\u00dfen Quartier"},"content":{"rendered":"\n<p><em>What makes a space special? Architecture? Furnishings? Design?<\/em><br>Our visit to the Weisses Quartier in Munich showed us that it is above all the attitude with which a space is conceived\u2014and experienced.<\/p>\n\n\n\n<p>Together with customers, we spent a day discovering the special places in this new quarter\u2014above all the Mindgarden, but also the roof terraces, inner courtyards, and open-plan dining areas. Two worlds that complement each other but function in completely different ways.<\/p>\n\n\n\n<h2 class=\"wp-block-heading\" id=\"h-the-mindgarden-a-space-for-thoughts-not-processes\">The Mindgarden: A space for thoughts, not processes<\/h2>\n\n\n\n<p>The Mindgarden is not a meeting room in the traditional sense.<br>It is a place of retreat, a source of inspiration, an open space for thinking.<\/p>\n\n\n\n<p>It was designed as a communal creative area for all tenants in the neighborhood\u2014with flexible zones for workshops, spontaneous meetings, or quiet work. And it only really reveals its full effect when you experience it.<\/p>\n\n\n\n<p>We didn&#8217;t just visit the space \u2013 we felt it. Dark surfaces, acoustic clarity, soft transitions, warm materials. You enter the room and feel: something can be created here. Nothing has to function here.<\/p>\n\n\n\n<p>The interior concept was designed by Dina Andersen (D&#8217;NA \u2013 Unique Corporate Spaces), with whom we have been working closely for years. Her signature style is clear: spaces that make an impact without being staged. Together with Artemide, a lighting concept was developed that guides the space without dazzling.<br>The furniture \u2013 curated and provided by us \u2013 fits in seamlessly. It takes a back seat to give ideas space. Artemide&#8217;s lighting design: invisible guidance<\/p>\n\n\n\n<p>Lighting does not play a secondary role in the Mindgarden \u2013 it is an integral part of the atmosphere.<br>Together with Artemide, Dina has developed a lighting design that provides orientation without dominating:<\/p>\n\n\n\n<ul class=\"wp-block-list\">\n<li>individual zones are subtly separated from each other.<\/li>\n\n\n\n<li>Warm, directional light supports focused work.<\/li>\n\n\n\n<li>Soft transitions instead of harsh spots \u2013 light that breathes.<\/li>\n<\/ul>\n\n\n\n<p>This well-thought-out lighting design creates calm. It takes the tension out of the room \u2013 without taking away energy.<\/p>\n\n\n\n<h2 class=\"wp-block-heading\" id=\"h-the-white-quarter-urban-working-reimagined\">The White Quarter: Urban working reimagined<\/h2>\n\n\n\n<p>Mindgarden is part of a larger whole \u2013 the White Quarter, one of Munich&#8217;s largest revitalization projects.<\/p>\n\n\n\n<p>Here, former Siemens buildings have been transformed into modern, bright, and climate-smart office spaces \u2013 with a clear goal: to create a working environment that inspires.<\/p>\n\n\n\n<p>Open dining areas, a light-flooded courtyard, green roof terraces such as the Skygarden, open-air lounge areas \u2013 this quarter no longer thinks of the office as a place, but as an environment.<\/p>\n\n\n\n<p>One highlight is the Skygarden. On the roof terrace with a view over Munich, meetings can be moved outdoors \u2013 or you can simply take a quick breather.<br>The district thrives on its diversity: architecture meets nature, concentrated work meets exchange, formality meets lightness.<\/p>\n\n\n\n<h2 class=\"wp-block-heading\" id=\"h-our-conclusion-two-places-one-experience\">Our conclusion: two places, one experience<\/h2>\n\n\n\n<p>It was particularly valuable for us to experience this day together with our clients.<br>Because sometimes a space says more than a concept paper.<\/p>\n\n\n\n<p>We are delighted to be part of this project and would like to thank Dina for taking the time to explain to us and our clients why the space was designed this way and what ideas Dina had in mind.<\/p>\n\n\n\n<p>\ud83d\udc49\u202fYou can find more insights into the project and our collaboration with Dina Andersen here:<br>hauser.de\/projekte\/projekt-mind-garden<\/p>\n\n\n\n<p>There is also a reel on our Instagram: Feel free to take a look \u2013 here is our Insta: @hauseroffice<\/p>\n\n\n\n<p>Best regards,<\/p>\n\n\n\n<p>Giulia<\/p>\n\n\n\n<figure class=\"wp-block-gallery has-nested-images columns-default is-cropped wp-block-gallery-1 is-layout-flex wp-block-gallery-is-layout-flex\">\n<figure class=\"wp-block-image size-large\"><img fetchpriority=\"high\" decoding=\"async\" width=\"1024\" height=\"683\" data-id=\"9307\" src=\"https:\/\/www.hauser.de\/wp-content\/uploads\/2025\/04\/projekt_mindgarten_allgemeine_Suedboden_Muenchen_hauser_10-1024x683.jpg\" alt=\"\" class=\"wp-image-9307\" srcset=\"https:\/\/www.hauser.de\/wp-content\/uploads\/2025\/04\/projekt_mindgarten_allgemeine_Suedboden_Muenchen_hauser_10-1024x683.jpg 1024w, https:\/\/www.hauser.de\/wp-content\/uploads\/2025\/04\/projekt_mindgarten_allgemeine_Suedboden_Muenchen_hauser_10-300x200.jpg 300w, https:\/\/www.hauser.de\/wp-content\/uploads\/2025\/04\/projekt_mindgarten_allgemeine_Suedboden_Muenchen_hauser_10-768x512.jpg 768w, https:\/\/www.hauser.de\/wp-content\/uploads\/2025\/04\/projekt_mindgarten_allgemeine_Suedboden_Muenchen_hauser_10.jpg 1200w\" sizes=\"(max-width: 1024px) 100vw, 1024px\" \/><\/figure>\n\n\n\n<figure class=\"wp-block-image size-large\"><img decoding=\"async\" width=\"1024\" height=\"683\" data-id=\"9305\" data-src=\"https:\/\/www.hauser.de\/wp-content\/uploads\/2025\/04\/projekt_mindgarten_allgemeine_Suedboden_Muenchen_hauser_9-1024x683.jpg\" alt=\"\" class=\"wp-image-9305 lazyload\" data-srcset=\"https:\/\/www.hauser.de\/wp-content\/uploads\/2025\/04\/projekt_mindgarten_allgemeine_Suedboden_Muenchen_hauser_9-1024x683.jpg 1024w, https:\/\/www.hauser.de\/wp-content\/uploads\/2025\/04\/projekt_mindgarten_allgemeine_Suedboden_Muenchen_hauser_9-300x200.jpg 300w, https:\/\/www.hauser.de\/wp-content\/uploads\/2025\/04\/projekt_mindgarten_allgemeine_Suedboden_Muenchen_hauser_9-768x512.jpg 768w, https:\/\/www.hauser.de\/wp-content\/uploads\/2025\/04\/projekt_mindgarten_allgemeine_Suedboden_Muenchen_hauser_9.jpg 1200w\" data-sizes=\"(max-width: 1024px) 100vw, 1024px\" src=\"data:image\/svg+xml;base64,PHN2ZyB3aWR0aD0iMSIgaGVpZ2h0PSIxIiB4bWxucz0iaHR0cDovL3d3dy53My5vcmcvMjAwMC9zdmciPjwvc3ZnPg==\" style=\"--smush-placeholder-width: 1024px; --smush-placeholder-aspect-ratio: 1024\/683;\" \/><\/figure>\n\n\n\n<figure class=\"wp-block-image size-large\"><img decoding=\"async\" width=\"1024\" height=\"683\" data-id=\"9303\" data-src=\"https:\/\/www.hauser.de\/wp-content\/uploads\/2025\/04\/projekt_mindgarten_allgemeine_Suedboden_Muenchen_hauser_8-1024x683.jpg\" alt=\"\" class=\"wp-image-9303 lazyload\" data-srcset=\"https:\/\/www.hauser.de\/wp-content\/uploads\/2025\/04\/projekt_mindgarten_allgemeine_Suedboden_Muenchen_hauser_8-1024x683.jpg 1024w, https:\/\/www.hauser.de\/wp-content\/uploads\/2025\/04\/projekt_mindgarten_allgemeine_Suedboden_Muenchen_hauser_8-300x200.jpg 300w, https:\/\/www.hauser.de\/wp-content\/uploads\/2025\/04\/projekt_mindgarten_allgemeine_Suedboden_Muenchen_hauser_8-768x512.jpg 768w, https:\/\/www.hauser.de\/wp-content\/uploads\/2025\/04\/projekt_mindgarten_allgemeine_Suedboden_Muenchen_hauser_8.jpg 1200w\" data-sizes=\"(max-width: 1024px) 100vw, 1024px\" src=\"data:image\/svg+xml;base64,PHN2ZyB3aWR0aD0iMSIgaGVpZ2h0PSIxIiB4bWxucz0iaHR0cDovL3d3dy53My5vcmcvMjAwMC9zdmciPjwvc3ZnPg==\" style=\"--smush-placeholder-width: 1024px; --smush-placeholder-aspect-ratio: 1024\/683;\" \/><\/figure>\n\n\n\n<figure class=\"wp-block-image size-large\"><img decoding=\"async\" width=\"1024\" height=\"683\" data-id=\"9299\" data-src=\"https:\/\/www.hauser.de\/wp-content\/uploads\/2025\/04\/projekt_mindgarten_allgemeine_Suedboden_Muenchen_hauser_6-1024x683.jpg\" alt=\"\" class=\"wp-image-9299 lazyload\" data-srcset=\"https:\/\/www.hauser.de\/wp-content\/uploads\/2025\/04\/projekt_mindgarten_allgemeine_Suedboden_Muenchen_hauser_6-1024x683.jpg 1024w, https:\/\/www.hauser.de\/wp-content\/uploads\/2025\/04\/projekt_mindgarten_allgemeine_Suedboden_Muenchen_hauser_6-300x200.jpg 300w, https:\/\/www.hauser.de\/wp-content\/uploads\/2025\/04\/projekt_mindgarten_allgemeine_Suedboden_Muenchen_hauser_6-768x512.jpg 768w, https:\/\/www.hauser.de\/wp-content\/uploads\/2025\/04\/projekt_mindgarten_allgemeine_Suedboden_Muenchen_hauser_6.jpg 1200w\" data-sizes=\"(max-width: 1024px) 100vw, 1024px\" src=\"data:image\/svg+xml;base64,PHN2ZyB3aWR0aD0iMSIgaGVpZ2h0PSIxIiB4bWxucz0iaHR0cDovL3d3dy53My5vcmcvMjAwMC9zdmciPjwvc3ZnPg==\" style=\"--smush-placeholder-width: 1024px; --smush-placeholder-aspect-ratio: 1024\/683;\" \/><\/figure>\n\n\n\n<figure class=\"wp-block-image size-large\"><img decoding=\"async\" width=\"1024\" height=\"683\" data-id=\"9297\" data-src=\"https:\/\/www.hauser.de\/wp-content\/uploads\/2025\/04\/projekt_mindgarten_allgemeine_Suedboden_Muenchen_hauser_5-1024x683.jpg\" alt=\"\" class=\"wp-image-9297 lazyload\" data-srcset=\"https:\/\/www.hauser.de\/wp-content\/uploads\/2025\/04\/projekt_mindgarten_allgemeine_Suedboden_Muenchen_hauser_5-1024x683.jpg 1024w, https:\/\/www.hauser.de\/wp-content\/uploads\/2025\/04\/projekt_mindgarten_allgemeine_Suedboden_Muenchen_hauser_5-300x200.jpg 300w, https:\/\/www.hauser.de\/wp-content\/uploads\/2025\/04\/projekt_mindgarten_allgemeine_Suedboden_Muenchen_hauser_5-768x512.jpg 768w, https:\/\/www.hauser.de\/wp-content\/uploads\/2025\/04\/projekt_mindgarten_allgemeine_Suedboden_Muenchen_hauser_5.jpg 1200w\" data-sizes=\"(max-width: 1024px) 100vw, 1024px\" src=\"data:image\/svg+xml;base64,PHN2ZyB3aWR0aD0iMSIgaGVpZ2h0PSIxIiB4bWxucz0iaHR0cDovL3d3dy53My5vcmcvMjAwMC9zdmciPjwvc3ZnPg==\" style=\"--smush-placeholder-width: 1024px; --smush-placeholder-aspect-ratio: 1024\/683;\" \/><\/figure>\n<\/figure>\n\n\n\n<p>Copyright Fotos: Fotograf Michael Kammeter<\/p>\n","protected":false},"excerpt":{"rendered":"<p>What makes a space special? Architecture? Furnishings? Design?Our visit to the Weisses Quartier in Munich showed us that it is above all the attitude with which a space is conceived\u2014and experienced. Together with customers, we spent a day discovering the special places in this new quarter\u2014above all the Mindgarden, but also the roof terraces, inner [&hellip;]<\/p>\n","protected":false},"author":6,"featured_media":9306,"comment_status":"open","ping_status":"open","sticky":false,"template":"","format":"standard","meta":{"footnotes":""},"categories":[33],"tags":[318,249,334,120,40,307,125,321,106,381],"class_list":["post-10142","post","type-post","status-publish","format-standard","has-post-thumbnail","hentry","category-insight-en","tag-flexibility","tag-hauser-office-design","tag-homely-office-furniture","tag-konig-neurath","tag-new-work-concept","tag-new-world-of-work","tag-office","tag-office-solution","tag-sustainability","tag-teameeting"],"yoast_head":"<!-- This site is optimized with the Yoast SEO Premium plugin v23.5 (Yoast SEO v27.4) - https:\/\/yoast.com\/product\/yoast-seo-premium-wordpress\/ -->\n<title>Office planning Munich \u2013 Mindgarden in Munich&#039;s White Quarter<\/title>\n<meta name=\"description\" content=\"The Mindgarden in Munich&#039;s White Quarter is more than just a meeting room: it is an open space for thinking, with lighting design by Artemide and interior design by Dina Andersen (D&#039;NA). Discover how architecture, design, and attitude work together.\" \/>\n<meta name=\"robots\" content=\"index, follow, max-snippet:-1, max-image-preview:large, max-video-preview:-1\" \/>\n<link rel=\"canonical\" href=\"https:\/\/www.hauser.de\/en\/insight-en\/a-place-that-makes-an-impression-our-visit-to-mindgarden-weisen-quartier\/\" \/>\n<meta property=\"og:locale\" content=\"en_US\" \/>\n<meta property=\"og:type\" content=\"article\" \/>\n<meta property=\"og:title\" content=\"A place that makes an impression: our visit to Mindgarden &amp; Wei\u00dfen Quartier\" \/>\n<meta property=\"og:description\" content=\"The Mindgarden in Munich&#039;s White Quarter is more than just a meeting room: it is an open space for thinking, with lighting design by Artemide and interior design by Dina Andersen (D&#039;NA). Discover how architecture, design, and attitude work together.\" \/>\n<meta property=\"og:url\" content=\"https:\/\/www.hauser.de\/en\/insight-en\/a-place-that-makes-an-impression-our-visit-to-mindgarden-weisen-quartier\/\" \/>\n<meta property=\"og:site_name\" content=\"Hauser Office Design GmbH\" \/>\n<meta property=\"article:publisher\" content=\"https:\/\/www.facebook.com\/happypeoplespace\/\" \/>\n<meta property=\"article:published_time\" content=\"2025-08-27T12:53:44+00:00\" \/>\n<meta property=\"article:modified_time\" content=\"2025-08-27T13:15:52+00:00\" \/>\n<meta property=\"og:image\" content=\"https:\/\/www.hauser.de\/wp-content\/uploads\/2025\/04\/projekt_mindgarten_allgemeine_Suedboden_Muenchen_hauser_9.jpg\" \/>\n\t<meta property=\"og:image:width\" content=\"1200\" \/>\n\t<meta property=\"og:image:height\" content=\"800\" \/>\n\t<meta property=\"og:image:type\" content=\"image\/jpeg\" \/>\n<meta name=\"author\" content=\"Giulia Sch\u00e4fer\" \/>\n<meta name=\"twitter:card\" content=\"summary_large_image\" \/>\n<meta name=\"twitter:label1\" content=\"Written by\" \/>\n\t<meta name=\"twitter:data1\" content=\"Giulia Sch\u00e4fer\" \/>\n\t<meta name=\"twitter:label2\" content=\"Est. reading time\" \/>\n\t<meta name=\"twitter:data2\" content=\"5 minutes\" \/>\n<script type=\"application\/ld+json\" class=\"yoast-schema-graph\">{\"@context\":\"https:\\\/\\\/schema.org\",\"@graph\":[{\"@type\":\"Article\",\"@id\":\"https:\\\/\\\/www.hauser.de\\\/en\\\/insight-en\\\/a-place-that-makes-an-impression-our-visit-to-mindgarden-weisen-quartier\\\/#article\",\"isPartOf\":{\"@id\":\"https:\\\/\\\/www.hauser.de\\\/en\\\/insight-en\\\/a-place-that-makes-an-impression-our-visit-to-mindgarden-weisen-quartier\\\/\"},\"author\":{\"name\":\"Giulia Sch\u00e4fer\",\"@id\":\"https:\\\/\\\/www.hauser.de\\\/#\\\/schema\\\/person\\\/5b5508549a788c4ef5156154152ff9da\"},\"headline\":\"A place that makes an impression: our visit to Mindgarden &amp; Wei\u00dfen Quartier\",\"datePublished\":\"2025-08-27T12:53:44+00:00\",\"dateModified\":\"2025-08-27T13:15:52+00:00\",\"mainEntityOfPage\":{\"@id\":\"https:\\\/\\\/www.hauser.de\\\/en\\\/insight-en\\\/a-place-that-makes-an-impression-our-visit-to-mindgarden-weisen-quartier\\\/\"},\"wordCount\":578,\"commentCount\":0,\"publisher\":{\"@id\":\"https:\\\/\\\/www.hauser.de\\\/#organization\"},\"image\":{\"@id\":\"https:\\\/\\\/www.hauser.de\\\/en\\\/insight-en\\\/a-place-that-makes-an-impression-our-visit-to-mindgarden-weisen-quartier\\\/#primaryimage\"},\"thumbnailUrl\":\"https:\\\/\\\/www.hauser.de\\\/wp-content\\\/uploads\\\/2025\\\/04\\\/projekt_mindgarten_allgemeine_Suedboden_Muenchen_hauser_9.jpg\",\"keywords\":[\"flexibility\",\"Hauser Office Design\",\"homely office furniture\",\"K\u00f6nig + Neurath\",\"new work concept\",\"new world of work\",\"office\",\"office solution\",\"sustainability\",\"Teameeting\"],\"articleSection\":[\"Insight\"],\"inLanguage\":\"en-US\",\"potentialAction\":[{\"@type\":\"CommentAction\",\"name\":\"Comment\",\"target\":[\"https:\\\/\\\/www.hauser.de\\\/en\\\/insight-en\\\/a-place-that-makes-an-impression-our-visit-to-mindgarden-weisen-quartier\\\/#respond\"]}]},{\"@type\":\"WebPage\",\"@id\":\"https:\\\/\\\/www.hauser.de\\\/en\\\/insight-en\\\/a-place-that-makes-an-impression-our-visit-to-mindgarden-weisen-quartier\\\/\",\"url\":\"https:\\\/\\\/www.hauser.de\\\/en\\\/insight-en\\\/a-place-that-makes-an-impression-our-visit-to-mindgarden-weisen-quartier\\\/\",\"name\":\"Office planning Munich \u2013 Mindgarden in Munich's White Quarter\",\"isPartOf\":{\"@id\":\"https:\\\/\\\/www.hauser.de\\\/#website\"},\"primaryImageOfPage\":{\"@id\":\"https:\\\/\\\/www.hauser.de\\\/en\\\/insight-en\\\/a-place-that-makes-an-impression-our-visit-to-mindgarden-weisen-quartier\\\/#primaryimage\"},\"image\":{\"@id\":\"https:\\\/\\\/www.hauser.de\\\/en\\\/insight-en\\\/a-place-that-makes-an-impression-our-visit-to-mindgarden-weisen-quartier\\\/#primaryimage\"},\"thumbnailUrl\":\"https:\\\/\\\/www.hauser.de\\\/wp-content\\\/uploads\\\/2025\\\/04\\\/projekt_mindgarten_allgemeine_Suedboden_Muenchen_hauser_9.jpg\",\"datePublished\":\"2025-08-27T12:53:44+00:00\",\"dateModified\":\"2025-08-27T13:15:52+00:00\",\"description\":\"The Mindgarden in Munich's White Quarter is more than just a meeting room: it is an open space for thinking, with lighting design by Artemide and interior design by Dina Andersen (D'NA). Discover how architecture, design, and attitude work together.\",\"breadcrumb\":{\"@id\":\"https:\\\/\\\/www.hauser.de\\\/en\\\/insight-en\\\/a-place-that-makes-an-impression-our-visit-to-mindgarden-weisen-quartier\\\/#breadcrumb\"},\"inLanguage\":\"en-US\",\"potentialAction\":[{\"@type\":\"ReadAction\",\"target\":[\"https:\\\/\\\/www.hauser.de\\\/en\\\/insight-en\\\/a-place-that-makes-an-impression-our-visit-to-mindgarden-weisen-quartier\\\/\"]}]},{\"@type\":\"ImageObject\",\"inLanguage\":\"en-US\",\"@id\":\"https:\\\/\\\/www.hauser.de\\\/en\\\/insight-en\\\/a-place-that-makes-an-impression-our-visit-to-mindgarden-weisen-quartier\\\/#primaryimage\",\"url\":\"https:\\\/\\\/www.hauser.de\\\/wp-content\\\/uploads\\\/2025\\\/04\\\/projekt_mindgarten_allgemeine_Suedboden_Muenchen_hauser_9.jpg\",\"contentUrl\":\"https:\\\/\\\/www.hauser.de\\\/wp-content\\\/uploads\\\/2025\\\/04\\\/projekt_mindgarten_allgemeine_Suedboden_Muenchen_hauser_9.jpg\",\"width\":1200,\"height\":800,\"caption\":\"Das ist ein weiterer Bereich des Projekts Mindgarten bei der Allgemeinen S\u00fcdboden in M\u00fcnchen, realisiert von Hauser. Der Raum zeigt ein modernes, modulares Kommunikations- und Begegnungsareal mit flexibler M\u00f6blierung, Lounge-Zonen, akzentuierter Beleuchtung und einem kreativen Farbkonzept. Perfekt f\u00fcr Workshops, Vortr\u00e4ge oder informellen Austausch.\"},{\"@type\":\"BreadcrumbList\",\"@id\":\"https:\\\/\\\/www.hauser.de\\\/en\\\/insight-en\\\/a-place-that-makes-an-impression-our-visit-to-mindgarden-weisen-quartier\\\/#breadcrumb\",\"itemListElement\":[{\"@type\":\"ListItem\",\"position\":1,\"name\":\"Startseite\",\"item\":\"https:\\\/\\\/www.hauser.de\\\/en\\\/\"},{\"@type\":\"ListItem\",\"position\":2,\"name\":\"A place that makes an impression: our visit to Mindgarden &amp; Wei\u00dfen Quartier\"}]},{\"@type\":\"WebSite\",\"@id\":\"https:\\\/\\\/www.hauser.de\\\/#website\",\"url\":\"https:\\\/\\\/www.hauser.de\\\/\",\"name\":\"Hauser Office Design GmbH\",\"description\":\"B\u00fcrom\u00f6bel und B\u00fcroeinrichtung M\u00fcnchen\",\"publisher\":{\"@id\":\"https:\\\/\\\/www.hauser.de\\\/#organization\"},\"potentialAction\":[{\"@type\":\"SearchAction\",\"target\":{\"@type\":\"EntryPoint\",\"urlTemplate\":\"https:\\\/\\\/www.hauser.de\\\/?s={search_term_string}\"},\"query-input\":{\"@type\":\"PropertyValueSpecification\",\"valueRequired\":true,\"valueName\":\"search_term_string\"}}],\"inLanguage\":\"en-US\"},{\"@type\":\"Organization\",\"@id\":\"https:\\\/\\\/www.hauser.de\\\/#organization\",\"name\":\"Hauser Office Design GmbH\",\"url\":\"https:\\\/\\\/www.hauser.de\\\/\",\"logo\":{\"@type\":\"ImageObject\",\"inLanguage\":\"en-US\",\"@id\":\"https:\\\/\\\/www.hauser.de\\\/#\\\/schema\\\/logo\\\/image\\\/\",\"url\":\"http:\\\/\\\/www.hauser.de\\\/wp-content\\\/uploads\\\/2022\\\/04\\\/cropped-favicon.png\",\"contentUrl\":\"http:\\\/\\\/www.hauser.de\\\/wp-content\\\/uploads\\\/2022\\\/04\\\/cropped-favicon.png\",\"width\":512,\"height\":512,\"caption\":\"Hauser Office Design GmbH\"},\"image\":{\"@id\":\"https:\\\/\\\/www.hauser.de\\\/#\\\/schema\\\/logo\\\/image\\\/\"},\"sameAs\":[\"https:\\\/\\\/www.facebook.com\\\/happypeoplespace\\\/\",\"https:\\\/\\\/de.linkedin.com\\\/company\\\/hauser-office-design-gmbh\",\"https:\\\/\\\/www.instagram.com\\\/hauseroffice\\\/\"]},{\"@type\":\"Person\",\"@id\":\"https:\\\/\\\/www.hauser.de\\\/#\\\/schema\\\/person\\\/5b5508549a788c4ef5156154152ff9da\",\"name\":\"Giulia Sch\u00e4fer\",\"sameAs\":[\"http:\\\/\\\/www.hauser.de\"],\"url\":\"https:\\\/\\\/www.hauser.de\\\/en\\\/author\\\/gschaefer\\\/\"}]}<\/script>\n<!-- \/ Yoast SEO Premium plugin. -->","yoast_head_json":{"title":"Office planning Munich \u2013 Mindgarden in Munich's White Quarter","description":"The Mindgarden in Munich's White Quarter is more than just a meeting room: it is an open space for thinking, with lighting design by Artemide and interior design by Dina Andersen (D'NA). Discover how architecture, design, and attitude work together.","robots":{"index":"index","follow":"follow","max-snippet":"max-snippet:-1","max-image-preview":"max-image-preview:large","max-video-preview":"max-video-preview:-1"},"canonical":"https:\/\/www.hauser.de\/en\/insight-en\/a-place-that-makes-an-impression-our-visit-to-mindgarden-weisen-quartier\/","og_locale":"en_US","og_type":"article","og_title":"A place that makes an impression: our visit to Mindgarden &amp; Wei\u00dfen Quartier","og_description":"The Mindgarden in Munich's White Quarter is more than just a meeting room: it is an open space for thinking, with lighting design by Artemide and interior design by Dina Andersen (D'NA). Discover how architecture, design, and attitude work together.","og_url":"https:\/\/www.hauser.de\/en\/insight-en\/a-place-that-makes-an-impression-our-visit-to-mindgarden-weisen-quartier\/","og_site_name":"Hauser Office Design GmbH","article_publisher":"https:\/\/www.facebook.com\/happypeoplespace\/","article_published_time":"2025-08-27T12:53:44+00:00","article_modified_time":"2025-08-27T13:15:52+00:00","og_image":[{"width":1200,"height":800,"url":"https:\/\/www.hauser.de\/wp-content\/uploads\/2025\/04\/projekt_mindgarten_allgemeine_Suedboden_Muenchen_hauser_9.jpg","type":"image\/jpeg"}],"author":"Giulia Sch\u00e4fer","twitter_card":"summary_large_image","twitter_misc":{"Written by":"Giulia Sch\u00e4fer","Est. reading time":"5 minutes"},"schema":{"@context":"https:\/\/schema.org","@graph":[{"@type":"Article","@id":"https:\/\/www.hauser.de\/en\/insight-en\/a-place-that-makes-an-impression-our-visit-to-mindgarden-weisen-quartier\/#article","isPartOf":{"@id":"https:\/\/www.hauser.de\/en\/insight-en\/a-place-that-makes-an-impression-our-visit-to-mindgarden-weisen-quartier\/"},"author":{"name":"Giulia Sch\u00e4fer","@id":"https:\/\/www.hauser.de\/#\/schema\/person\/5b5508549a788c4ef5156154152ff9da"},"headline":"A place that makes an impression: our visit to Mindgarden &amp; Wei\u00dfen Quartier","datePublished":"2025-08-27T12:53:44+00:00","dateModified":"2025-08-27T13:15:52+00:00","mainEntityOfPage":{"@id":"https:\/\/www.hauser.de\/en\/insight-en\/a-place-that-makes-an-impression-our-visit-to-mindgarden-weisen-quartier\/"},"wordCount":578,"commentCount":0,"publisher":{"@id":"https:\/\/www.hauser.de\/#organization"},"image":{"@id":"https:\/\/www.hauser.de\/en\/insight-en\/a-place-that-makes-an-impression-our-visit-to-mindgarden-weisen-quartier\/#primaryimage"},"thumbnailUrl":"https:\/\/www.hauser.de\/wp-content\/uploads\/2025\/04\/projekt_mindgarten_allgemeine_Suedboden_Muenchen_hauser_9.jpg","keywords":["flexibility","Hauser Office Design","homely office furniture","K\u00f6nig + Neurath","new work concept","new world of work","office","office solution","sustainability","Teameeting"],"articleSection":["Insight"],"inLanguage":"en-US","potentialAction":[{"@type":"CommentAction","name":"Comment","target":["https:\/\/www.hauser.de\/en\/insight-en\/a-place-that-makes-an-impression-our-visit-to-mindgarden-weisen-quartier\/#respond"]}]},{"@type":"WebPage","@id":"https:\/\/www.hauser.de\/en\/insight-en\/a-place-that-makes-an-impression-our-visit-to-mindgarden-weisen-quartier\/","url":"https:\/\/www.hauser.de\/en\/insight-en\/a-place-that-makes-an-impression-our-visit-to-mindgarden-weisen-quartier\/","name":"Office planning Munich \u2013 Mindgarden in Munich's White Quarter","isPartOf":{"@id":"https:\/\/www.hauser.de\/#website"},"primaryImageOfPage":{"@id":"https:\/\/www.hauser.de\/en\/insight-en\/a-place-that-makes-an-impression-our-visit-to-mindgarden-weisen-quartier\/#primaryimage"},"image":{"@id":"https:\/\/www.hauser.de\/en\/insight-en\/a-place-that-makes-an-impression-our-visit-to-mindgarden-weisen-quartier\/#primaryimage"},"thumbnailUrl":"https:\/\/www.hauser.de\/wp-content\/uploads\/2025\/04\/projekt_mindgarten_allgemeine_Suedboden_Muenchen_hauser_9.jpg","datePublished":"2025-08-27T12:53:44+00:00","dateModified":"2025-08-27T13:15:52+00:00","description":"The Mindgarden in Munich's White Quarter is more than just a meeting room: it is an open space for thinking, with lighting design by Artemide and interior design by Dina Andersen (D'NA). Discover how architecture, design, and attitude work together.","breadcrumb":{"@id":"https:\/\/www.hauser.de\/en\/insight-en\/a-place-that-makes-an-impression-our-visit-to-mindgarden-weisen-quartier\/#breadcrumb"},"inLanguage":"en-US","potentialAction":[{"@type":"ReadAction","target":["https:\/\/www.hauser.de\/en\/insight-en\/a-place-that-makes-an-impression-our-visit-to-mindgarden-weisen-quartier\/"]}]},{"@type":"ImageObject","inLanguage":"en-US","@id":"https:\/\/www.hauser.de\/en\/insight-en\/a-place-that-makes-an-impression-our-visit-to-mindgarden-weisen-quartier\/#primaryimage","url":"https:\/\/www.hauser.de\/wp-content\/uploads\/2025\/04\/projekt_mindgarten_allgemeine_Suedboden_Muenchen_hauser_9.jpg","contentUrl":"https:\/\/www.hauser.de\/wp-content\/uploads\/2025\/04\/projekt_mindgarten_allgemeine_Suedboden_Muenchen_hauser_9.jpg","width":1200,"height":800,"caption":"Das ist ein weiterer Bereich des Projekts Mindgarten bei der Allgemeinen S\u00fcdboden in M\u00fcnchen, realisiert von Hauser. Der Raum zeigt ein modernes, modulares Kommunikations- und Begegnungsareal mit flexibler M\u00f6blierung, Lounge-Zonen, akzentuierter Beleuchtung und einem kreativen Farbkonzept. Perfekt f\u00fcr Workshops, Vortr\u00e4ge oder informellen Austausch."},{"@type":"BreadcrumbList","@id":"https:\/\/www.hauser.de\/en\/insight-en\/a-place-that-makes-an-impression-our-visit-to-mindgarden-weisen-quartier\/#breadcrumb","itemListElement":[{"@type":"ListItem","position":1,"name":"Startseite","item":"https:\/\/www.hauser.de\/en\/"},{"@type":"ListItem","position":2,"name":"A place that makes an impression: our visit to Mindgarden &amp; Wei\u00dfen Quartier"}]},{"@type":"WebSite","@id":"https:\/\/www.hauser.de\/#website","url":"https:\/\/www.hauser.de\/","name":"Hauser Office Design GmbH","description":"B\u00fcrom\u00f6bel und B\u00fcroeinrichtung M\u00fcnchen","publisher":{"@id":"https:\/\/www.hauser.de\/#organization"},"potentialAction":[{"@type":"SearchAction","target":{"@type":"EntryPoint","urlTemplate":"https:\/\/www.hauser.de\/?s={search_term_string}"},"query-input":{"@type":"PropertyValueSpecification","valueRequired":true,"valueName":"search_term_string"}}],"inLanguage":"en-US"},{"@type":"Organization","@id":"https:\/\/www.hauser.de\/#organization","name":"Hauser Office Design GmbH","url":"https:\/\/www.hauser.de\/","logo":{"@type":"ImageObject","inLanguage":"en-US","@id":"https:\/\/www.hauser.de\/#\/schema\/logo\/image\/","url":"http:\/\/www.hauser.de\/wp-content\/uploads\/2022\/04\/cropped-favicon.png","contentUrl":"http:\/\/www.hauser.de\/wp-content\/uploads\/2022\/04\/cropped-favicon.png","width":512,"height":512,"caption":"Hauser Office Design GmbH"},"image":{"@id":"https:\/\/www.hauser.de\/#\/schema\/logo\/image\/"},"sameAs":["https:\/\/www.facebook.com\/happypeoplespace\/","https:\/\/de.linkedin.com\/company\/hauser-office-design-gmbh","https:\/\/www.instagram.com\/hauseroffice\/"]},{"@type":"Person","@id":"https:\/\/www.hauser.de\/#\/schema\/person\/5b5508549a788c4ef5156154152ff9da","name":"Giulia Sch\u00e4fer","sameAs":["http:\/\/www.hauser.de"],"url":"https:\/\/www.hauser.de\/en\/author\/gschaefer\/"}]}},"_links":{"self":[{"href":"https:\/\/www.hauser.de\/en\/wp-json\/wp\/v2\/posts\/10142","targetHints":{"allow":["GET"]}}],"collection":[{"href":"https:\/\/www.hauser.de\/en\/wp-json\/wp\/v2\/posts"}],"about":[{"href":"https:\/\/www.hauser.de\/en\/wp-json\/wp\/v2\/types\/post"}],"author":[{"embeddable":true,"href":"https:\/\/www.hauser.de\/en\/wp-json\/wp\/v2\/users\/6"}],"replies":[{"embeddable":true,"href":"https:\/\/www.hauser.de\/en\/wp-json\/wp\/v2\/comments?post=10142"}],"version-history":[{"count":3,"href":"https:\/\/www.hauser.de\/en\/wp-json\/wp\/v2\/posts\/10142\/revisions"}],"predecessor-version":[{"id":10156,"href":"https:\/\/www.hauser.de\/en\/wp-json\/wp\/v2\/posts\/10142\/revisions\/10156"}],"wp:featuredmedia":[{"embeddable":true,"href":"https:\/\/www.hauser.de\/en\/wp-json\/wp\/v2\/media\/9306"}],"wp:attachment":[{"href":"https:\/\/www.hauser.de\/en\/wp-json\/wp\/v2\/media?parent=10142"}],"wp:term":[{"taxonomy":"category","embeddable":true,"href":"https:\/\/www.hauser.de\/en\/wp-json\/wp\/v2\/categories?post=10142"},{"taxonomy":"post_tag","embeddable":true,"href":"https:\/\/www.hauser.de\/en\/wp-json\/wp\/v2\/tags?post=10142"}],"curies":[{"name":"wp","href":"https:\/\/api.w.org\/{rel}","templated":true}]}}